{"id":150,"date":"2022-09-01T18:09:34","date_gmt":"2022-09-01T21:09:34","guid":{"rendered":"https:\/\/faccinvinhos.com.br\/blog\/?p=150"},"modified":"2022-09-01T18:09:34","modified_gmt":"2022-09-01T21:09:34","slug":"quais-vinhos-escolher-na-primavera%ef%bf%bc","status":"publish","type":"post","link":"https:\/\/faccinvinhos.com.br\/blog\/2022\/09\/01\/quais-vinhos-escolher-na-primavera%ef%bf%bc\/","title":{"rendered":"Quais vinhos escolher na primavera?\ufffc"},"content":{"rendered":"\n<p><strong>Quais vinhos escolher na primavera?<\/strong><\/p>\n\n\n\n<p>A esta\u00e7\u00e3o das flores precede os dias mais quentes do ano, mas ainda com o frescor do inverno, o que a torna ainda mais agrad\u00e1vel. Com um clima propenso a piqueniques e mais horas ao ar livre, \u00e9 completamente compreens\u00edvel que queiramos degustar vinhos e harmoniz\u00e1-los com os pratos t\u00edpicos da esta\u00e7\u00e3o.<\/p>\n\n\n\n<p>Mas, quais os melhores r\u00f3tulos para essa \u00e9poca?<\/p>\n\n\n\n<p>Apesar de associarmos os vinhos com o inverno, escolher vinhos para degustar na primavera \u00e9 mais f\u00e1cil do que voc\u00ea imagina! Veja abaixo as nossas dicas:<\/p>\n\n\n\n<p><strong>Vinhos ros\u00e9<\/strong><\/p>\n\n\n\n<p>S\u00e3o a primeira op\u00e7\u00e3o nessa \u00e9poca do ano, afinal suas notas costumeiramente florais e frutadas combinam perfeitamente com o <em>mood<\/em> primaveril.<\/p>\n\n\n\n<p>Com taninos mais macios, a sua leveza \u00e9 apropriada para os pratos e programas da esta\u00e7\u00e3o.<\/p>\n\n\n\n<p><strong>Nossa indica\u00e7\u00e3o:&nbsp;<\/strong><\/p>\n\n\n\n<p><a href=\"https:\/\/loja.faccinvinhos.com.br\/apagao\/blend-laranja\"><strong>Apag\u00e3o Vinho Ros\u00e9<\/strong><\/a><\/p>\n\n\n\n<figure class=\"wp-block-image size-full\"><img loading=\"lazy\" decoding=\"async\" width=\"445\" height=\"482\" src=\"https:\/\/faccinvinhos.com.br\/blog\/wp-content\/uploads\/2022\/09\/Captura-de-tela-2022-08-04-012406.jpg\" alt=\"\" class=\"wp-image-151\" srcset=\"https:\/\/faccinvinhos.com.br\/blog\/wp-content\/uploads\/2022\/09\/Captura-de-tela-2022-08-04-012406.jpg 445w, https:\/\/faccinvinhos.com.br\/blog\/wp-content\/uploads\/2022\/09\/Captura-de-tela-2022-08-04-012406-277x300.jpg 277w\" sizes=\"auto, (max-width: 445px) 100vw, 445px\" \/><\/figure>\n\n\n\n<p><strong>Avalia\u00e7\u00e3o visual<\/strong><\/p>\n\n\n\n<p>Colora\u00e7\u00e3o rosada e turva devido ao processo de vinifica\u00e7\u00e3o natural.&nbsp;<\/p>\n\n\n\n<p><strong>Avalia\u00e7\u00e3o olfativa<\/strong><\/p>\n\n\n\n<p>Em nariz, notas de flor de laranjeira, toranja, acerola, nozes e frutas amarelas.<\/p>\n\n\n\n<p><strong>Avalia\u00e7\u00e3o gustativa<\/strong><\/p>\n\n\n\n<p>Levemente frutado, cereja, nozes, acidez na medida, final longo.&nbsp;<\/p>\n\n\n\n<p><strong>Variedades&nbsp;<\/strong><\/p>\n\n\n\n<p>Riesling It\u00e1lico, Malvasia Bianca e Pinot Noir.<\/p>\n\n\n\n<p><strong>Processo&nbsp;<\/strong><\/p>\n\n\n\n<p>Vinifica\u00e7\u00e3o Natural.<\/p>\n\n\n\n<p><strong>Harmoniza\u00e7\u00e3o<\/strong><\/p>\n\n\n\n<p>Faz bom par com comida japonesa, legumes ao forno e peixes assados na brasa.<\/p>\n\n\n\n<p><strong>Espumantes e vinhos brancos<\/strong><\/p>\n\n\n\n<p>Geralmente consumidos em baixa temperatura, os espumantes e os vinhos brancos s\u00e3o perfeitos para as celebra\u00e7\u00f5es da primavera. Sua refresc\u00e2ncia e leveza trazem o acompanhamento perfeito para os pratos leves da esta\u00e7\u00e3o.<\/p>\n\n\n\n<p><strong>Nossa indica\u00e7\u00e3o:&nbsp;<\/strong><\/p>\n\n\n\n<p><a href=\"https:\/\/loja.faccinvinhos.com.br\/pet-nat\/nature\"><strong>Patinete Espumante Natural Branco<\/strong><\/a><\/p>\n\n\n\n<figure class=\"wp-block-image size-full\"><img loading=\"lazy\" decoding=\"async\" width=\"454\" height=\"445\" src=\"https:\/\/faccinvinhos.com.br\/blog\/wp-content\/uploads\/2022\/09\/Captura-de-tela-2022-08-04-012955.jpg\" alt=\"\" class=\"wp-image-152\" srcset=\"https:\/\/faccinvinhos.com.br\/blog\/wp-content\/uploads\/2022\/09\/Captura-de-tela-2022-08-04-012955.jpg 454w, https:\/\/faccinvinhos.com.br\/blog\/wp-content\/uploads\/2022\/09\/Captura-de-tela-2022-08-04-012955-300x294.jpg 300w, https:\/\/faccinvinhos.com.br\/blog\/wp-content\/uploads\/2022\/09\/Captura-de-tela-2022-08-04-012955-306x300.jpg 306w\" sizes=\"auto, (max-width: 454px) 100vw, 454px\" \/><\/figure>\n\n\n\n<p>Cor amarelo turvo com perlage persistente e bem fininha.&nbsp;<\/p>\n\n\n\n<p><strong>Avalia\u00e7\u00e3o olfativa<\/strong><\/p>\n\n\n\n<p>Farinha de milho, a\u00e7afr\u00e3o da terra e mel\u00e3o maduro.<\/p>\n\n\n\n<p><strong>Avalia\u00e7\u00e3o gustativa<\/strong><\/p>\n\n\n\n<p>Zero do\u00e7ura. Traz sabores de casca de laranja, com nuances florais, minerais e com um leve toque de pimenta branca, junto com uma persist\u00eancia agradabil\u00edssima.<\/p>\n\n\n\n<p><strong>Variedade<\/strong><\/p>\n\n\n\n<p>Malvasia bianca<\/p>\n\n\n\n<p><strong>Processo<\/strong><\/p>\n\n\n\n<p>Vinifica\u00e7\u00e3o Natural\u00a0<\/p>\n\n\n\n<p><strong>Harmoniza\u00e7\u00e3o<\/strong><\/p>\n\n\n\n<p>Perfeito para apreci\u00e1-lo por si s\u00f3, com frutos-do-mar ou ainda sobremesas \u00e0 base de frutas e cremes sutis.<\/p>\n\n\n\n<p><strong>Vinhos laranjas<\/strong><\/p>\n\n\n\n<p>Esse vinho desperta a curiosidade de qualquer en\u00f3filo. O m\u00e9todo de produ\u00e7\u00e3o onde a macera\u00e7\u00e3o \u00e9 feita em um tempo diferente e mais curto faz com que a colora\u00e7\u00e3o seja em um tom \u00e2mbar encantador. Apesar de complexos, a sua acidez o torna um vinho para momentos especiais sem perder o frescor.<\/p>\n\n\n\n<p><strong>Nossa indica\u00e7\u00e3o:<\/strong><\/p>\n\n\n\n<p><a href=\"https:\/\/loja.faccinvinhos.com.br\/faccin\/faccin-vinho-laranja-riesling-italico\"><strong>Vinho Faccin Laranja Riesling It\u00e1lico<\/strong><\/a><\/p>\n\n\n\n<figure class=\"wp-block-image size-full\"><img loading=\"lazy\" decoding=\"async\" width=\"447\" height=\"475\" src=\"https:\/\/faccinvinhos.com.br\/blog\/wp-content\/uploads\/2022\/09\/Captura-de-tela-2022-08-04-013720.jpg\" alt=\"\" class=\"wp-image-153\" srcset=\"https:\/\/faccinvinhos.com.br\/blog\/wp-content\/uploads\/2022\/09\/Captura-de-tela-2022-08-04-013720.jpg 447w, https:\/\/faccinvinhos.com.br\/blog\/wp-content\/uploads\/2022\/09\/Captura-de-tela-2022-08-04-013720-282x300.jpg 282w\" sizes=\"auto, (max-width: 447px) 100vw, 447px\" \/><\/figure>\n\n\n\n<p><strong>Avalia\u00e7\u00e3o visual<\/strong><\/p>\n\n\n\n<p>Cor amarelo p\u00eassego turvo, j\u00e1 que o vinho n\u00e3o \u00e9 filtrado.<\/p>\n\n\n\n<p><strong>Avalia\u00e7\u00e3o olfativa<\/strong><\/p>\n\n\n\n<p>Aromas de fruta de caro\u00e7o, como p\u00eassego, com um toque sutil de abacaxi e nuances de kombucha, caracter\u00edstica de muitos vinhos naturais.<\/p>\n\n\n\n<p><strong>Avalia\u00e7\u00e3o gustativa<\/strong><\/p>\n\n\n\n<p>Sabor de fruta de caro\u00e7o, um gostoso frizz de kombucha e um toque de laranja. Uma acidez harmoniosa e \u00f3tima mineralidade.&nbsp;<\/p>\n\n\n\n<p><strong>Processo<\/strong><\/p>\n\n\n\n<p>Vinifica\u00e7\u00e3o Natural.<\/p>\n\n\n\n<p><strong>Harmoniza\u00e7\u00e3o<\/strong><\/p>\n\n\n\n<p>Sugerimos harmoniz\u00e1-lo com comidas asi\u00e1ticas picantes ou pratos leves \u00e0 base de frutos-do-mar.<\/p>\n\n\n\n<p><strong>E os tintos?<\/strong><\/p>\n\n\n\n<p>Sim, voc\u00ea tamb\u00e9m pode apreciar um bom vinho tinto em dias menos frescos, basta optar pela varietal certa. A pinot noir, por exemplo, costuma resultar em r\u00f3tulos leves e com menos taninos, al\u00e9m de um sabor fresco e mais adocicado.<\/p>\n\n\n\n<p><strong>Nossa indica\u00e7\u00e3o:<\/strong><\/p>\n\n\n\n<p><a href=\"https:\/\/loja.faccinvinhos.com.br\/faccin\/faccin-vinho-tinto-natural-pinot-noir-2020\"><strong>Faccin Vinho Tinto Pinot Noir<\/strong><\/a><\/p>\n\n\n\n<figure class=\"wp-block-image size-full\"><img loading=\"lazy\" decoding=\"async\" width=\"470\" height=\"439\" src=\"https:\/\/faccinvinhos.com.br\/blog\/wp-content\/uploads\/2022\/09\/Captura-de-tela-2022-08-04-014036.jpg\" alt=\"\" class=\"wp-image-154\" srcset=\"https:\/\/faccinvinhos.com.br\/blog\/wp-content\/uploads\/2022\/09\/Captura-de-tela-2022-08-04-014036.jpg 470w, https:\/\/faccinvinhos.com.br\/blog\/wp-content\/uploads\/2022\/09\/Captura-de-tela-2022-08-04-014036-300x280.jpg 300w, https:\/\/faccinvinhos.com.br\/blog\/wp-content\/uploads\/2022\/09\/Captura-de-tela-2022-08-04-014036-321x300.jpg 321w\" sizes=\"auto, (max-width: 470px) 100vw, 470px\" \/><\/figure>\n\n\n\n<p><strong>Avalia\u00e7\u00e3o visual<\/strong><\/p>\n\n\n\n<p>Cor ruby turvo.<\/p>\n\n\n\n<p><strong>Avalia\u00e7\u00e3o olfativa<\/strong><\/p>\n\n\n\n<p>Frutas vermelhas, em especial morango e framboesa.<\/p>\n\n\n\n<p><strong>Avalia\u00e7\u00e3o gustativa<\/strong><\/p>\n\n\n\n<p>Excelente acidez, uma certa leveza e mantendo uma \u00f3tima persist\u00eancia. Framboesa n\u00e3o madura, com toques c\u00edtricos de mexerica. Seus lev\u00edssimos taninos resultam em um vinho leve e equilibrado.&nbsp;<\/p>\n\n\n\n<p><strong>Variedade<\/strong><\/p>\n\n\n\n<p>Pinot Noir.<\/p>\n\n\n\n<p><strong>Processo<\/strong><\/p>\n\n\n\n<p>Vinifica\u00e7\u00e3o natural.<\/p>\n\n\n\n<p><strong>Harmoniza\u00e7\u00e3o<\/strong><\/p>\n\n\n\n<p>Harmoniza perfeitamente com peixes mais carnudos, aves diversas ou at\u00e9 frutos-do-mar.&nbsp;<\/p>\n\n\n\n<p><strong>Descubra o mundo incr\u00edvel dos vinhos artesanais!<\/strong><\/p>\n\n\n\n<p>Agora que voc\u00ea j\u00e1 conhece todas as formas de degustar um bom vinho na esta\u00e7\u00e3o mais encantadora do ano, monte a cesta de piquenique e viva momentos inesquec\u00edveis!<\/p>\n\n\n\n<p>Para conhecer mais op\u00e7\u00f5es de r\u00f3tulos que, al\u00e9m de sabores e notas incr\u00edveis, ainda s\u00e3o feitos com o m\u00e9todo de vinifica\u00e7\u00e3o natural, sem adi\u00e7\u00e3o de sulfitos, v\u00e1 na <a href=\"https:\/\/loja.faccinvinhos.com.br\">nossa loja online<\/a>. S\u00e3o r\u00f3tulos feitos de forma sustent\u00e1vel, respeitando os ingredientes e cuidado em cada processo.<\/p>\n","protected":false},"excerpt":{"rendered":"<p>Quais vinhos escolher na primavera? A esta\u00e7\u00e3o das flores precede os dias mais quentes do ano, mas ainda com o frescor do inverno, o que &hellip;<\/p>\n","protected":false},"author":1,"featured_media":151,"comment_status":"open","ping_status":"open","sticky":false,"template":"","format":"standard","meta":{"footnotes":""},"categories":[14,7],"tags":[],"class_list":["post-150","post","type-post","status-publish","format-standard","has-post-thumbnail","hentry","category-faccin-vinhos","category-vinificacao-natural"],"_links":{"self":[{"href":"https:\/\/faccinvinhos.com.br\/blog\/wp-json\/wp\/v2\/posts\/150","targetHints":{"allow":["GET"]}}],"collection":[{"href":"https:\/\/faccinvinhos.com.br\/blog\/wp-json\/wp\/v2\/posts"}],"about":[{"href":"https:\/\/faccinvinhos.com.br\/blog\/wp-json\/wp\/v2\/types\/post"}],"author":[{"embeddable":true,"href":"https:\/\/faccinvinhos.com.br\/blog\/wp-json\/wp\/v2\/users\/1"}],"replies":[{"embeddable":true,"href":"https:\/\/faccinvinhos.com.br\/blog\/wp-json\/wp\/v2\/comments?post=150"}],"version-history":[{"count":6,"href":"https:\/\/faccinvinhos.com.br\/blog\/wp-json\/wp\/v2\/posts\/150\/revisions"}],"predecessor-version":[{"id":160,"href":"https:\/\/faccinvinhos.com.br\/blog\/wp-json\/wp\/v2\/posts\/150\/revisions\/160"}],"wp:featuredmedia":[{"embeddable":true,"href":"https:\/\/faccinvinhos.com.br\/blog\/wp-json\/wp\/v2\/media\/151"}],"wp:attachment":[{"href":"https:\/\/faccinvinhos.com.br\/blog\/wp-json\/wp\/v2\/media?parent=150"}],"wp:term":[{"taxonomy":"category","embeddable":true,"href":"https:\/\/faccinvinhos.com.br\/blog\/wp-json\/wp\/v2\/categories?post=150"},{"taxonomy":"post_tag","embeddable":true,"href":"https:\/\/faccinvinhos.com.br\/blog\/wp-json\/wp\/v2\/tags?post=150"}],"curies":[{"name":"wp","href":"https:\/\/api.w.org\/{rel}","templated":true}]}}