{"id":17,"date":"2021-12-06T01:35:25","date_gmt":"2021-12-06T01:35:25","guid":{"rendered":"https:\/\/faccinvinhos.com.br\/blog\/?p=17"},"modified":"2021-12-08T13:41:20","modified_gmt":"2021-12-08T13:41:20","slug":"6-motivos-para-conhecer-a-regiao-de-monte-belo-do-sul-na-serra-gaucha","status":"publish","type":"post","link":"https:\/\/faccinvinhos.com.br\/blog\/2021\/12\/06\/6-motivos-para-conhecer-a-regiao-de-monte-belo-do-sul-na-serra-gaucha\/","title":{"rendered":"6 motivos para conhecer a regi\u00e3o de Monte Belo do Sul na Serra Ga\u00facha"},"content":{"rendered":"\n<h2 class=\"wp-block-heading\">6 motivos para conhecer a regi\u00e3o de Monte Belo do Sul na Serra Ga\u00facha<\/h2>\n\n\n\n<p>Um verdadeiro cart\u00e3o postal em meio \u00e0 <strong>Serra Ga\u00facha<\/strong>: \u00e9 assim que <strong>Monte Belo do Sul<\/strong> encanta com suas paisagens, sua rica hist\u00f3ria e sua tranquilidade interiorana. Localizada a uma altitude de 618 metros acima do n\u00edvel do mar, Monte Belo \u00e9 uma cidade jovem e antiga ao mesmo tempo. Jovem, porque se emancipou em 1992, e antiga, porque sua hist\u00f3ria vem dos tempos da imigra\u00e7\u00e3o italiana, h\u00e1 mais de um s\u00e9culo. Veja abaixo algumas raz\u00f5es que fazem desse um lugar t\u00e3o especial.<\/p>\n\n\n\n<p><em>Um ref\u00fagio no interior do interior:<\/em><\/p>\n\n\n\n<figure class=\"wp-block-image size-full\"><img loading=\"lazy\" decoding=\"async\" width=\"600\" height=\"600\" src=\"https:\/\/faccinvinhos.com.br\/blog\/wp-content\/uploads\/2021\/12\/Subtitulo-3-Um-refugio-no-interior-do-interior.png\" alt=\"\" class=\"wp-image-31\" srcset=\"https:\/\/faccinvinhos.com.br\/blog\/wp-content\/uploads\/2021\/12\/Subtitulo-3-Um-refugio-no-interior-do-interior.png 600w, https:\/\/faccinvinhos.com.br\/blog\/wp-content\/uploads\/2021\/12\/Subtitulo-3-Um-refugio-no-interior-do-interior-300x300.png 300w, https:\/\/faccinvinhos.com.br\/blog\/wp-content\/uploads\/2021\/12\/Subtitulo-3-Um-refugio-no-interior-do-interior-150x150.png 150w\" sizes=\"auto, (max-width: 600px) 100vw, 600px\" \/><\/figure>\n\n\n\n<p>Monte Belo do Sul certamente \u00e9 um ref\u00fagio para quem prefere escapar do fervo tur\u00edstico da regi\u00e3o dos vinhedos. A cidade acaba n\u00e3o fazendo parte da rota mais tradicional de quem vem a passeio pela serra. Mas, quem encontra essa joia n\u00e3o se arrepende: a experi\u00eancia de conhecer Monte Belo \u00e9 uma grata surpresa de cen\u00e1rios exuberantes, circundados por colinas, parreirais, vales e afluentes do famoso Rio das Antas.<\/p>\n\n\n\n<p><em>Hist\u00f3ria e tradi\u00e7\u00e3o:<\/em><\/p>\n\n\n\n<figure class=\"wp-block-image size-full\"><img loading=\"lazy\" decoding=\"async\" width=\"600\" height=\"600\" src=\"https:\/\/faccinvinhos.com.br\/blog\/wp-content\/uploads\/2021\/12\/Subtitulo-3-Historia-e-tradicao.png\" alt=\"\" class=\"wp-image-28\" srcset=\"https:\/\/faccinvinhos.com.br\/blog\/wp-content\/uploads\/2021\/12\/Subtitulo-3-Historia-e-tradicao.png 600w, https:\/\/faccinvinhos.com.br\/blog\/wp-content\/uploads\/2021\/12\/Subtitulo-3-Historia-e-tradicao-300x300.png 300w, https:\/\/faccinvinhos.com.br\/blog\/wp-content\/uploads\/2021\/12\/Subtitulo-3-Historia-e-tradicao-150x150.png 150w\" sizes=\"auto, (max-width: 600px) 100vw, 600px\" \/><\/figure>\n\n\n\n<p>A cidade mant\u00e9m firmemente a hist\u00f3ria e tradi\u00e7\u00e3o dos imigrantes italianos, que chegaram \u00e0 regi\u00e3o entre o final do s\u00e9culo XIX e in\u00edcio do s\u00e9culo XX. Foram 416 fam\u00edlias provenientes de Udine, Mantova, Cremona, Veneza, Vicenza, Treviso, B\u00e9rgamo, Modena e Belluno. Basta adentrar o munic\u00edpio e \u00e9 poss\u00edvel ver essa hist\u00f3ria escrita nas ruas, na arquitetura, no jeito simples e acolhedor das pessoas, na gastronomia e na pr\u00f3pria produ\u00e7\u00e3o vin\u00edcola.<\/p>\n\n\n\n<p><em>Pra\u00e7a e Igreja da Matriz<\/em><\/p>\n\n\n\n<figure class=\"wp-block-image size-full\"><img loading=\"lazy\" decoding=\"async\" width=\"600\" height=\"600\" src=\"https:\/\/faccinvinhos.com.br\/blog\/wp-content\/uploads\/2021\/12\/Subtitulo-3-Praca-e-Igreja-da-Matriz-FOTO-NAO-AUTORAL.png\" alt=\"\" class=\"wp-image-30\" srcset=\"https:\/\/faccinvinhos.com.br\/blog\/wp-content\/uploads\/2021\/12\/Subtitulo-3-Praca-e-Igreja-da-Matriz-FOTO-NAO-AUTORAL.png 600w, https:\/\/faccinvinhos.com.br\/blog\/wp-content\/uploads\/2021\/12\/Subtitulo-3-Praca-e-Igreja-da-Matriz-FOTO-NAO-AUTORAL-300x300.png 300w, https:\/\/faccinvinhos.com.br\/blog\/wp-content\/uploads\/2021\/12\/Subtitulo-3-Praca-e-Igreja-da-Matriz-FOTO-NAO-AUTORAL-150x150.png 150w\" sizes=\"auto, (max-width: 600px) 100vw, 600px\" \/><\/figure>\n\n\n\n<p>De longe, \u00e9 poss\u00edvel avistar as torres da Igreja da Matriz de Monte Belo do Sul. A constru\u00e7\u00e3o se destaca em meio \u00e0s casas que geralmente n\u00e3o passam dos dois andares. \u00c9 na pra\u00e7a da Matriz que os eventos da cidade geralmente acontecem, al\u00e9m de ser o local onde os moradores costumam se encontrar para curtir um dia ensolarado e tomar um chimarr\u00e3o.<\/p>\n\n\n\n<p><em>Gastronomia:<\/em><\/p>\n\n\n\n<figure class=\"wp-block-image size-full\"><img loading=\"lazy\" decoding=\"async\" width=\"600\" height=\"600\" src=\"https:\/\/faccinvinhos.com.br\/blog\/wp-content\/uploads\/2021\/12\/Subtitulo-3-Gastronomia.png\" alt=\"\" class=\"wp-image-27\" srcset=\"https:\/\/faccinvinhos.com.br\/blog\/wp-content\/uploads\/2021\/12\/Subtitulo-3-Gastronomia.png 600w, https:\/\/faccinvinhos.com.br\/blog\/wp-content\/uploads\/2021\/12\/Subtitulo-3-Gastronomia-300x300.png 300w, https:\/\/faccinvinhos.com.br\/blog\/wp-content\/uploads\/2021\/12\/Subtitulo-3-Gastronomia-150x150.png 150w\" sizes=\"auto, (max-width: 600px) 100vw, 600px\" \/><\/figure>\n\n\n\n<p>Uma bela heran\u00e7a italiana, que n\u00e3o pode ficar de fora em um passeio pela cidade, \u00e9 a gastronomia. Na cidade \u00e9 poss\u00edvel encontrar diversos restaurantes e caf\u00e9s tradicionais. Uma iguaria imperd\u00edvel \u00e9 a polenta, alimento que inclusive \u00e9 celebrado em um evento tradicional chamado Polenta\u00e7o, que acontece a cada dois anos. A festividade conta com exposi\u00e7\u00f5es culturais, shows, concurso de esculturas feitas de polenta e o tombo de uma polenta gigante.<\/p>\n\n\n\n<p><em>Maior produ\u00e7\u00e3o de uvas per capita da Am\u00e9rica Latina:<\/em><\/p>\n\n\n\n<figure class=\"wp-block-image size-full\"><img loading=\"lazy\" decoding=\"async\" width=\"600\" height=\"600\" src=\"https:\/\/faccinvinhos.com.br\/blog\/wp-content\/uploads\/2021\/12\/Subtitulo-3-Maior-producao-de-uvas-per-capita-da-America-Latina.png\" alt=\"\" class=\"wp-image-29\" srcset=\"https:\/\/faccinvinhos.com.br\/blog\/wp-content\/uploads\/2021\/12\/Subtitulo-3-Maior-producao-de-uvas-per-capita-da-America-Latina.png 600w, https:\/\/faccinvinhos.com.br\/blog\/wp-content\/uploads\/2021\/12\/Subtitulo-3-Maior-producao-de-uvas-per-capita-da-America-Latina-300x300.png 300w, https:\/\/faccinvinhos.com.br\/blog\/wp-content\/uploads\/2021\/12\/Subtitulo-3-Maior-producao-de-uvas-per-capita-da-America-Latina-150x150.png 150w\" sizes=\"auto, (max-width: 600px) 100vw, 600px\" \/><\/figure>\n\n\n\n<p>Monte Belo \u00e9 uma cidade pequena, com cerca de 2.500 habitantes, e grande parte deles vive da viticultura. \u00c9 por isso que o munic\u00edpio \u00e9 detentor do t\u00edtulo de maior produtor de uvas per capita da Am\u00e9rica Latina. Isso mesmo! Ao todo, s\u00e3o 2.270 hectares de parreirais. A maioria dos cultivos s\u00e3o destinadas \u00e0 vinifica\u00e7\u00e3o, alguns produzem em vin\u00edcolas familiares, j\u00e1 outros vendem os frutos a empresas maiores do ramo. O enoturismo \u00e9 uma modalidade que vem crescendo no munic\u00edpio. Aqui \u00e9 poss\u00edvel ter agrad\u00e1veis experi\u00eancias nas vin\u00edcolas, degustar vinhos aut\u00eanticos da regi\u00e3o e at\u00e9 mesmo aproveitar a festa da Vindima, que ocorre nos meses de janeiro a mar\u00e7o.<\/p>\n\n\n\n<p><em>\u00c9 a casa da Faccin<\/em><\/p>\n\n\n\n<figure class=\"wp-block-image size-full\"><img loading=\"lazy\" decoding=\"async\" width=\"600\" height=\"600\" src=\"https:\/\/faccinvinhos.com.br\/blog\/wp-content\/uploads\/2021\/12\/Subtitulo-3-E-a-casa-da-Faccin.png\" alt=\"\" class=\"wp-image-26\" srcset=\"https:\/\/faccinvinhos.com.br\/blog\/wp-content\/uploads\/2021\/12\/Subtitulo-3-E-a-casa-da-Faccin.png 600w, https:\/\/faccinvinhos.com.br\/blog\/wp-content\/uploads\/2021\/12\/Subtitulo-3-E-a-casa-da-Faccin-300x300.png 300w, https:\/\/faccinvinhos.com.br\/blog\/wp-content\/uploads\/2021\/12\/Subtitulo-3-E-a-casa-da-Faccin-150x150.png 150w\" sizes=\"auto, (max-width: 600px) 100vw, 600px\" \/><\/figure>\n\n\n\n<p>Monte Belo do Sul \u00e9 a casa de diversas vin\u00edcolas familiares, que t\u00eam suas ra\u00edzes na hist\u00f3ria do munic\u00edpio. Entre elas est\u00e1 a Faccin Vinhos, localizada desde 1936 na Linha Arm\u00eanio Baixa. Para nos visitar, basta conhecer a aba <a href=\"http:\/\/faccinvinhos.com.br\/enoturismo\" data-type=\"URL\" data-id=\"http:\/\/faccinvinhos.com.br\/enoturismo\" target=\"_blank\" rel=\"noreferrer noopener\">experi\u00eancias <\/a>e realizar seu agendamento!<\/p>\n","protected":false},"excerpt":{"rendered":"<p>6 motivos para conhecer a regi\u00e3o de Monte Belo do Sul na Serra Ga\u00facha Um verdadeiro cart\u00e3o postal em meio \u00e0 Serra Ga\u00facha: \u00e9 assim &hellip;<\/p>\n","protected":false},"author":1,"featured_media":25,"comment_status":"open","ping_status":"open","sticky":false,"template":"","format":"standard","meta":{"footnotes":""},"categories":[3],"tags":[4,6,5],"class_list":["post-17","post","type-post","status-publish","format-standard","has-post-thumbnail","hentry","category-enoturismo","tag-enoturismo","tag-monte-belo-do-sul","tag-serra-gaucha"],"_links":{"self":[{"href":"https:\/\/faccinvinhos.com.br\/blog\/wp-json\/wp\/v2\/posts\/17","targetHints":{"allow":["GET"]}}],"collection":[{"href":"https:\/\/faccinvinhos.com.br\/blog\/wp-json\/wp\/v2\/posts"}],"about":[{"href":"https:\/\/faccinvinhos.com.br\/blog\/wp-json\/wp\/v2\/types\/post"}],"author":[{"embeddable":true,"href":"https:\/\/faccinvinhos.com.br\/blog\/wp-json\/wp\/v2\/users\/1"}],"replies":[{"embeddable":true,"href":"https:\/\/faccinvinhos.com.br\/blog\/wp-json\/wp\/v2\/comments?post=17"}],"version-history":[{"count":0,"href":"https:\/\/faccinvinhos.com.br\/blog\/wp-json\/wp\/v2\/posts\/17\/revisions"}],"wp:featuredmedia":[{"embeddable":true,"href":"https:\/\/faccinvinhos.com.br\/blog\/wp-json\/wp\/v2\/media\/25"}],"wp:attachment":[{"href":"https:\/\/faccinvinhos.com.br\/blog\/wp-json\/wp\/v2\/media?parent=17"}],"wp:term":[{"taxonomy":"category","embeddable":true,"href":"https:\/\/faccinvinhos.com.br\/blog\/wp-json\/wp\/v2\/categories?post=17"},{"taxonomy":"post_tag","embeddable":true,"href":"https:\/\/faccinvinhos.com.br\/blog\/wp-json\/wp\/v2\/tags?post=17"}],"curies":[{"name":"wp","href":"https:\/\/api.w.org\/{rel}","templated":true}]}}